{"id":58669,"date":"2026-09-01T12:08:45","date_gmt":"2026-09-01T18:08:45","guid":{"rendered":"https:\/\/fenix.iztacala.unam.mx\/?p=58669"},"modified":"2026-09-01T12:08:46","modified_gmt":"2026-09-01T18:08:46","slug":"fesi-da-la-bienvenida-a-nueva-generacion-de-la-residencia-en-gestion-organizacional","status":"publish","type":"post","link":"https:\/\/fenix.iztacala.unam.mx\/?p=58669","title":{"rendered":"FESI da la bienvenida a nueva generaci\u00f3n de la Residencia en Gesti\u00f3n Organizacional"},"content":{"rendered":"\n<ul class=\"wp-block-list\">\n<li>La Dra. Mar\u00eda Luisa Cepeda Islas toma las riendas de la coordinaci\u00f3n, mientras que la Dra. Zaira Vega Valero deja una huella hist\u00f3rica tras ser pionera y responsable de esta maestr\u00eda.<\/li>\n\n\n\n<li>Un programa de posgrado que combina rigor cient\u00edfico, medici\u00f3n exacta y pr\u00e1ctica real en organizaciones p\u00fablicas y privadas.<\/li>\n<\/ul>\n\n\n\n<p class=\"wp-block-paragraph\">La Residencia en Gesti\u00f3n Organizacional de la Facultad de Estudios Superiores Iztacala (FES Iztacala) comenz\u00f3 formalmente un nuevo ciclo acad\u00e9mico cargado de retos, emoci\u00f3n y un cambio de estafeta clave. Tras a\u00f1os de liderar y transformar este espacio, la Dra. Cinthya Zaira Vega Valero entrega la batuta de la coordinaci\u00f3n a la Dra. Mar\u00eda Luisa Cepeda Islas, quien asume como nueva titular. La buena noticia para los estudiantes es que la Dra. Vega continuar\u00e1 formando parte del experimentado claustro docente del posgrado.<\/p>\n\n\n\n<p class=\"wp-block-paragraph\">Durante el arranque de actividades, la Dra. Mar\u00eda Luisa Cepeda felicit\u00f3 a la generaci\u00f3n de nuevo ingreso y les prometi\u00f3 una experiencia enriquecedora en lo acad\u00e9mico, profesional y personal.<\/p>\n\n\n\n<p class=\"wp-block-paragraph\">\u00abEstos dos a\u00f1os son para disfrutar, aprender y crecer. Se van a enfrentar a situaciones reales donde aprender\u00e1n a tomar decisiones y hablar dos lenguajes: el metodol\u00f3gico y duro del aula, y el pr\u00e1ctico al intervenir con personas fuera del \u00e1mbito acad\u00e9mico\u00bb, destac\u00f3 la nueva coordinadora, recordando a los alumnos que estar\u00e1n acompa\u00f1ados en todo momento por sus profesores.<\/p>\n\n\n\n<figure class=\"wp-block-image aligncenter size-large is-resized\"><img data-recalc-dims=\"1\" loading=\"lazy\" decoding=\"async\" width=\"640\" height=\"427\" src=\"https:\/\/i0.wp.com\/fenix.iztacala.unam.mx\/wp-content\/uploads\/2026\/08\/IMG_1253.JPG.jpeg?resize=640%2C427&#038;ssl=1\" alt=\"\" class=\"wp-image-58671\" style=\"aspect-ratio:16\/9;object-fit:cover;object-position:45% 61%;width:720px;height:auto\" srcset=\"https:\/\/i0.wp.com\/fenix.iztacala.unam.mx\/wp-content\/uploads\/2026\/08\/IMG_1253.JPG-scaled.jpeg?resize=1024%2C683&amp;ssl=1 1024w, https:\/\/i0.wp.com\/fenix.iztacala.unam.mx\/wp-content\/uploads\/2026\/08\/IMG_1253.JPG-scaled.jpeg?resize=300%2C200&amp;ssl=1 300w, https:\/\/i0.wp.com\/fenix.iztacala.unam.mx\/wp-content\/uploads\/2026\/08\/IMG_1253.JPG-scaled.jpeg?resize=768%2C512&amp;ssl=1 768w, https:\/\/i0.wp.com\/fenix.iztacala.unam.mx\/wp-content\/uploads\/2026\/08\/IMG_1253.JPG-scaled.jpeg?resize=1536%2C1024&amp;ssl=1 1536w, https:\/\/i0.wp.com\/fenix.iztacala.unam.mx\/wp-content\/uploads\/2026\/08\/IMG_1253.JPG-scaled.jpeg?resize=2048%2C1365&amp;ssl=1 2048w, https:\/\/i0.wp.com\/fenix.iztacala.unam.mx\/wp-content\/uploads\/2026\/08\/IMG_1253.JPG-scaled.jpeg?w=1280&amp;ssl=1 1280w, https:\/\/i0.wp.com\/fenix.iztacala.unam.mx\/wp-content\/uploads\/2026\/08\/IMG_1253.JPG-scaled.jpeg?w=1920&amp;ssl=1 1920w\" sizes=\"auto, (max-width: 640px) 100vw, 640px\" \/><\/figure>\n\n\n\n<p class=\"wp-block-paragraph\">El equipo docente que guiar\u00e1 este camino est\u00e1 integrado por destacados acad\u00e9micos como los doctores David Javier Enr\u00edquez, Sandra Ivonne Mu\u00f1oz y Cinthya Zaira Vega, y los maestros Rosa Alejandra Hern\u00e1ndez, Diana Elizabeth Reza Morales, \u00d3scar Iv\u00e1n Negrete y \u00d3scar Garc\u00eda Arreola.<\/p>\n\n\n\n<p class=\"wp-block-paragraph\">La Dra. Zaira Vega comparti\u00f3 un poco de la historia del programa y record\u00f3 c\u00f3mo se reestructur\u00f3 desde sus inicios para consolidarse dentro de los contenidos de la Maestr\u00eda en Psicolog\u00eda, lo que la ha convertido en una de las maestr\u00edas con mayor demanda y un alto grado de eficiencia terminal, y que se apega a los criterios generales necesarios para los posgrados de la UNAM, desde formas de titulaci\u00f3n y becas, hasta un enfoque riguroso de la conducta.<\/p>\n\n\n\n<p class=\"wp-block-paragraph\">Destac\u00f3 que en esta residencia los estudiantes aprenden a analizar procesos individuales, grupales y organizacionales con sustento cient\u00edfico: en medici\u00f3n y evaluaci\u00f3n, dise\u00f1an sus propios instrumentos para evaluar escenarios reales; en estad\u00edstica aplicada, aplican correctamente los criterios no solo con evidencia emp\u00edrica, sino con un exhaustivo trabajo de investigaci\u00f3n \u2014\u00abpara que sea ciencia y no magia\u00bb, enfatiz\u00f3 la Dra. Vega\u2014. Y, sobre todo, llevan una pr\u00e1ctica progresiva, ya que inician trabajando con individuos (directivos), avanzan a \u00e1reas de recursos humanos y culminan interviniendo en procesos organizacionales completos.<\/p>\n\n\n\n<p class=\"wp-block-paragraph\">Desde 2010, cuando la Dra. Vega asumi\u00f3 la coordinaci\u00f3n de la Residencia, el programa ha demostrado una alt\u00edsima eficiencia terminal y una reputaci\u00f3n impecable. En 8 de cada 10 organizaciones (tanto p\u00fablicas como privadas) donde los alumnos realizan sus pr\u00e1cticas, la FES Iztacala es recomendada para nuevos proyectos o para mantener su presencia.<\/p>\n\n\n\n<p class=\"wp-block-paragraph\">Para cerrar la jornada con broche de oro, se vivi\u00f3 un c\u00e1lido intercambio de experiencias: mientras los estudiantes de primer semestre compartieron sus dudas e inquietudes, los alumnos de tercer semestre les brindaron consejos pr\u00e1cticos para sobrevivir y triunfar en esta etapa. \u00a1Mucho \u00e9xito a la nueva generaci\u00f3n y a la Dra. Cepeda en esta gesti\u00f3n!<\/p>\n\n\n\n<figure class=\"wp-block-image aligncenter size-large is-resized\"><img data-recalc-dims=\"1\" loading=\"lazy\" decoding=\"async\" width=\"640\" height=\"427\" src=\"https:\/\/i0.wp.com\/fenix.iztacala.unam.mx\/wp-content\/uploads\/2026\/08\/Alumna-nuevo-ingreso.JPG.jpeg?resize=640%2C427&#038;ssl=1\" alt=\"\" class=\"wp-image-58675\" style=\"aspect-ratio:16\/9;object-fit:cover;object-position:52% 72%;width:720px;height:auto\" srcset=\"https:\/\/i0.wp.com\/fenix.iztacala.unam.mx\/wp-content\/uploads\/2026\/08\/Alumna-nuevo-ingreso.JPG-scaled.jpeg?resize=1024%2C683&amp;ssl=1 1024w, https:\/\/i0.wp.com\/fenix.iztacala.unam.mx\/wp-content\/uploads\/2026\/08\/Alumna-nuevo-ingreso.JPG-scaled.jpeg?resize=300%2C200&amp;ssl=1 300w, https:\/\/i0.wp.com\/fenix.iztacala.unam.mx\/wp-content\/uploads\/2026\/08\/Alumna-nuevo-ingreso.JPG-scaled.jpeg?resize=768%2C512&amp;ssl=1 768w, https:\/\/i0.wp.com\/fenix.iztacala.unam.mx\/wp-content\/uploads\/2026\/08\/Alumna-nuevo-ingreso.JPG-scaled.jpeg?resize=1536%2C1024&amp;ssl=1 1536w, https:\/\/i0.wp.com\/fenix.iztacala.unam.mx\/wp-content\/uploads\/2026\/08\/Alumna-nuevo-ingreso.JPG-scaled.jpeg?resize=2048%2C1365&amp;ssl=1 2048w, https:\/\/i0.wp.com\/fenix.iztacala.unam.mx\/wp-content\/uploads\/2026\/08\/Alumna-nuevo-ingreso.JPG-scaled.jpeg?w=1280&amp;ssl=1 1280w, https:\/\/i0.wp.com\/fenix.iztacala.unam.mx\/wp-content\/uploads\/2026\/08\/Alumna-nuevo-ingreso.JPG-scaled.jpeg?w=1920&amp;ssl=1 1920w\" sizes=\"auto, (max-width: 640px) 100vw, 640px\" \/><\/figure>\n\n\n\n<p class=\"has-text-align-right has-small-font-size wp-block-paragraph\">Reporte y fotograf\u00eda: Sandra R. Irizarri<\/p>\n","protected":false},"excerpt":{"rendered":"<p>La Residencia en Gesti\u00f3n Organizacional de la Facultad de Estudios Superiores Iztacala (FES Iztacala) comenz\u00f3&#8230;<\/p>\n","protected":false},"author":5,"featured_media":58670,"comment_status":"closed","ping_status":"closed","sticky":false,"template":"","format":"standard","meta":{"_monsterinsights_skip_tracking":false,"_uf_show_specific_survey":0,"_uf_disable_surveys":false,"advanced_seo_description":"","jetpack_seo_html_title":"","jetpack_seo_noindex":false,"jetpack_seo_schema_type":"","_jetpack_newsletter_access":"","_jetpack_dont_email_post_to_subs":false,"_jetpack_newsletter_tier_id":0,"_jetpack_memberships_contains_paywalled_content":false,"_jetpack_feature_clip_id":0,"_jetpack_memberships_contains_paid_content":false,"footnotes":"","jetpack_publicize_message":"","jetpack_publicize_feature_enabled":true,"jetpack_social_post_already_shared":true,"jetpack_social_options":{"image_generator_settings":{"template":"highway","default_image_id":0,"font":"","enabled":false},"version":2},"jetpack_post_was_ever_published":false},"categories":[2,23,10,9,5],"tags":[30,1895,33,37,3252,31],"class_list":["post-58669","post","type-post","status-publish","format-standard","has-post-thumbnail","hentry","category-academia","category-becas","category-estudiantes","category-facultad","category-investigacion","tag-fesi","tag-investigacion-2","tag-iztacala","tag-psicologia","tag-residencia-en-gestion-organizacional","tag-unam"],"jetpack_publicize_connections":[],"jetpack_sharing_enabled":true,"jetpack_shortlink":"https:\/\/wp.me\/p9Zq6E-fgh","jetpack_likes_enabled":true,"jetpack_featured_media_url":"https:\/\/i0.wp.com\/fenix.iztacala.unam.mx\/wp-content\/uploads\/2026\/08\/grupo-scaled.jpg?fit=2560%2C933&ssl=1","_links":{"self":[{"href":"https:\/\/fenix.iztacala.unam.mx\/index.php?rest_route=\/wp\/v2\/posts\/58669","targetHints":{"allow":["GET"]}}],"collection":[{"href":"https:\/\/fenix.iztacala.unam.mx\/index.php?rest_route=\/wp\/v2\/posts"}],"about":[{"href":"https:\/\/fenix.iztacala.unam.mx\/index.php?rest_route=\/wp\/v2\/types\/post"}],"author":[{"embeddable":true,"href":"https:\/\/fenix.iztacala.unam.mx\/index.php?rest_route=\/wp\/v2\/users\/5"}],"replies":[{"embeddable":true,"href":"https:\/\/fenix.iztacala.unam.mx\/index.php?rest_route=%2Fwp%2Fv2%2Fcomments&post=58669"}],"version-history":[{"count":6,"href":"https:\/\/fenix.iztacala.unam.mx\/index.php?rest_route=\/wp\/v2\/posts\/58669\/revisions"}],"predecessor-version":[{"id":58748,"href":"https:\/\/fenix.iztacala.unam.mx\/index.php?rest_route=\/wp\/v2\/posts\/58669\/revisions\/58748"}],"wp:featuredmedia":[{"embeddable":true,"href":"https:\/\/fenix.iztacala.unam.mx\/index.php?rest_route=\/wp\/v2\/media\/58670"}],"wp:attachment":[{"href":"https:\/\/fenix.iztacala.unam.mx\/index.php?rest_route=%2Fwp%2Fv2%2Fmedia&parent=58669"}],"wp:term":[{"taxonomy":"category","embeddable":true,"href":"https:\/\/fenix.iztacala.unam.mx\/index.php?rest_route=%2Fwp%2Fv2%2Fcategories&post=58669"},{"taxonomy":"post_tag","embeddable":true,"href":"https:\/\/fenix.iztacala.unam.mx\/index.php?rest_route=%2Fwp%2Fv2%2Ftags&post=58669"}],"curies":[{"name":"wp","href":"https:\/\/api.w.org\/{rel}","templated":true}]}}