{"id":58756,"date":"2026-09-01T18:15:41","date_gmt":"2026-09-02T00:15:41","guid":{"rendered":"https:\/\/fenix.iztacala.unam.mx\/?p=58756"},"modified":"2026-09-01T18:42:23","modified_gmt":"2026-09-02T00:42:23","slug":"la-fes-iztacala-recibe-a-su-nueva-generacion-en-ceremonia-virtual","status":"publish","type":"post","link":"https:\/\/fenix.iztacala.unam.mx\/?p=58756","title":{"rendered":"La FES Iztacala recibe a su nueva generaci\u00f3n"},"content":{"rendered":"\n<p class=\"wp-block-paragraph\">En atenci\u00f3n a los ajustes en el calendario derivados de la aplicaci\u00f3n del examen de control para la admisi\u00f3n en toda la UNAM, nuestra Facultad de Estudios Superiores Iztacala, de la UNAM, celebr\u00f3 en formato virtual la ceremonia de bienvenida a la generaci\u00f3n 2027.<\/p>\n\n\n\n<p class=\"wp-block-paragraph\">El 1 de septiembre, a las 17:00 horas, la directora, Dra. Mar\u00eda del Coro Arizmendi Arriaga, se dirigi\u00f3 en vivo desde la Sala de Consejo de la Facultad a la comunidad universitaria y present\u00f3 un video con la informaci\u00f3n esencial para quienes se integran a la FES Iztacala, en el que reconoci\u00f3 el trabajo de todo el personal para garantizar inscripciones \u00e1giles, sin filas excesivas y con procesos r\u00e1pidos y expeditos, y report\u00f3 que, al momento de la ceremonia, ya se registraba un 90% de inscripciones oficiales concluidas, indicador que reitera la funcionalidad de la atenci\u00f3n brindada a la nueva generaci\u00f3n.<\/p>\n\n\n\n<figure class=\"wp-block-image aligncenter size-large\"><a href=\"https:\/\/i0.wp.com\/fenix.iztacala.unam.mx\/wp-content\/uploads\/2026\/09\/WhatsApp-Image-2026-09-01-at-18.05.17.jpeg?ssl=1\"><img data-recalc-dims=\"1\" loading=\"lazy\" decoding=\"async\" width=\"640\" height=\"358\" src=\"https:\/\/i0.wp.com\/fenix.iztacala.unam.mx\/wp-content\/uploads\/2026\/09\/WhatsApp-Image-2026-09-01-at-18.05.17-edited.jpeg?resize=640%2C358&#038;ssl=1\" alt=\"\" class=\"wp-image-58760\" srcset=\"https:\/\/i0.wp.com\/fenix.iztacala.unam.mx\/wp-content\/uploads\/2026\/09\/WhatsApp-Image-2026-09-01-at-18.05.17-edited.jpeg?w=2560&amp;ssl=1 2560w, https:\/\/i0.wp.com\/fenix.iztacala.unam.mx\/wp-content\/uploads\/2026\/09\/WhatsApp-Image-2026-09-01-at-18.05.17-edited.jpeg?resize=300%2C168&amp;ssl=1 300w, https:\/\/i0.wp.com\/fenix.iztacala.unam.mx\/wp-content\/uploads\/2026\/09\/WhatsApp-Image-2026-09-01-at-18.05.17-edited.jpeg?resize=1024%2C573&amp;ssl=1 1024w, https:\/\/i0.wp.com\/fenix.iztacala.unam.mx\/wp-content\/uploads\/2026\/09\/WhatsApp-Image-2026-09-01-at-18.05.17-edited.jpeg?resize=768%2C430&amp;ssl=1 768w, https:\/\/i0.wp.com\/fenix.iztacala.unam.mx\/wp-content\/uploads\/2026\/09\/WhatsApp-Image-2026-09-01-at-18.05.17-edited.jpeg?resize=1536%2C859&amp;ssl=1 1536w, https:\/\/i0.wp.com\/fenix.iztacala.unam.mx\/wp-content\/uploads\/2026\/09\/WhatsApp-Image-2026-09-01-at-18.05.17-edited.jpeg?resize=2048%2C1146&amp;ssl=1 2048w, https:\/\/i0.wp.com\/fenix.iztacala.unam.mx\/wp-content\/uploads\/2026\/09\/WhatsApp-Image-2026-09-01-at-18.05.17-edited.jpeg?w=1280&amp;ssl=1 1280w, https:\/\/i0.wp.com\/fenix.iztacala.unam.mx\/wp-content\/uploads\/2026\/09\/WhatsApp-Image-2026-09-01-at-18.05.17-edited.jpeg?w=1920&amp;ssl=1 1920w\" sizes=\"auto, (max-width: 640px) 100vw, 640px\" \/><\/a><\/figure>\n\n\n\n<p class=\"wp-block-paragraph\">Como parte de la transmisi\u00f3n, dio a conocer el sitio <a href=\"https:\/\/www.iztacala.unam.mx\/nuevo_ingreso\/\">https:\/\/www.iztacala.unam.mx\/nuevo_ingreso\/<\/a>, donde las y los estudiantes de nuevo ingreso pueden consultar de manera detallada todo lo que necesitan saber para comenzar su trayectoria universitaria.<\/p>\n\n\n\n<p class=\"wp-block-paragraph\">El material audiovisual sirvi\u00f3 tambi\u00e9n para presentar a quienes encabezan las jefaturas de carrera, as\u00ed como las secretar\u00edas y divisiones de la Facultad, cuyo equipo, subray\u00f3 la directora, est\u00e1 siempre disponible para atender y acompa\u00f1ar a la comunidad estudiantil.<\/p>\n\n\n\n<figure class=\"wp-block-gallery has-nested-images columns-default is-cropped wp-block-gallery-1 is-layout-flex wp-block-gallery-is-layout-flex\">\n<figure class=\"wp-block-image size-large\"><img data-recalc-dims=\"1\" loading=\"lazy\" decoding=\"async\" width=\"640\" height=\"352\" data-id=\"58765\" src=\"https:\/\/i0.wp.com\/fenix.iztacala.unam.mx\/wp-content\/uploads\/2026\/09\/WhatsApp-Image-2026-09-01-at-18.10.20.jpeg?resize=640%2C352&#038;ssl=1\" alt=\"\" class=\"wp-image-58765\" srcset=\"https:\/\/i0.wp.com\/fenix.iztacala.unam.mx\/wp-content\/uploads\/2026\/09\/WhatsApp-Image-2026-09-01-at-18.10.20.jpeg?resize=1024%2C563&amp;ssl=1 1024w, https:\/\/i0.wp.com\/fenix.iztacala.unam.mx\/wp-content\/uploads\/2026\/09\/WhatsApp-Image-2026-09-01-at-18.10.20.jpeg?resize=300%2C165&amp;ssl=1 300w, https:\/\/i0.wp.com\/fenix.iztacala.unam.mx\/wp-content\/uploads\/2026\/09\/WhatsApp-Image-2026-09-01-at-18.10.20.jpeg?resize=766%2C421&amp;ssl=1 766w, https:\/\/i0.wp.com\/fenix.iztacala.unam.mx\/wp-content\/uploads\/2026\/09\/WhatsApp-Image-2026-09-01-at-18.10.20.jpeg?resize=1536%2C844&amp;ssl=1 1536w, https:\/\/i0.wp.com\/fenix.iztacala.unam.mx\/wp-content\/uploads\/2026\/09\/WhatsApp-Image-2026-09-01-at-18.10.20.jpeg?resize=1023%2C562&amp;ssl=1 1023w, https:\/\/i0.wp.com\/fenix.iztacala.unam.mx\/wp-content\/uploads\/2026\/09\/WhatsApp-Image-2026-09-01-at-18.10.20.jpeg?w=1600&amp;ssl=1 1600w, https:\/\/i0.wp.com\/fenix.iztacala.unam.mx\/wp-content\/uploads\/2026\/09\/WhatsApp-Image-2026-09-01-at-18.10.20.jpeg?w=1280&amp;ssl=1 1280w\" sizes=\"auto, (max-width: 640px) 100vw, 640px\" \/><\/figure>\n\n\n\n<figure class=\"wp-block-image size-large\"><img data-recalc-dims=\"1\" loading=\"lazy\" decoding=\"async\" width=\"640\" height=\"355\" data-id=\"58764\" src=\"https:\/\/i0.wp.com\/fenix.iztacala.unam.mx\/wp-content\/uploads\/2026\/09\/WhatsApp-Image-2026-09-01-at-18.10.48-1.jpeg?resize=640%2C355&#038;ssl=1\" alt=\"\" class=\"wp-image-58764\" srcset=\"https:\/\/i0.wp.com\/fenix.iztacala.unam.mx\/wp-content\/uploads\/2026\/09\/WhatsApp-Image-2026-09-01-at-18.10.48-1.jpeg?resize=1024%2C568&amp;ssl=1 1024w, https:\/\/i0.wp.com\/fenix.iztacala.unam.mx\/wp-content\/uploads\/2026\/09\/WhatsApp-Image-2026-09-01-at-18.10.48-1.jpeg?resize=300%2C167&amp;ssl=1 300w, https:\/\/i0.wp.com\/fenix.iztacala.unam.mx\/wp-content\/uploads\/2026\/09\/WhatsApp-Image-2026-09-01-at-18.10.48-1.jpeg?resize=768%2C426&amp;ssl=1 768w, https:\/\/i0.wp.com\/fenix.iztacala.unam.mx\/wp-content\/uploads\/2026\/09\/WhatsApp-Image-2026-09-01-at-18.10.48-1.jpeg?resize=1536%2C852&amp;ssl=1 1536w, https:\/\/i0.wp.com\/fenix.iztacala.unam.mx\/wp-content\/uploads\/2026\/09\/WhatsApp-Image-2026-09-01-at-18.10.48-1.jpeg?resize=1023%2C568&amp;ssl=1 1023w, https:\/\/i0.wp.com\/fenix.iztacala.unam.mx\/wp-content\/uploads\/2026\/09\/WhatsApp-Image-2026-09-01-at-18.10.48-1.jpeg?w=1600&amp;ssl=1 1600w, https:\/\/i0.wp.com\/fenix.iztacala.unam.mx\/wp-content\/uploads\/2026\/09\/WhatsApp-Image-2026-09-01-at-18.10.48-1.jpeg?w=1280&amp;ssl=1 1280w\" sizes=\"auto, (max-width: 640px) 100vw, 640px\" \/><\/figure>\n<\/figure>\n\n\n\n<p class=\"wp-block-paragraph\">Al cierre de su mensaje, la Dra. Arizmendi invit\u00f3 a la nueva generaci\u00f3n a aprovechar todo lo que ofrecen la UNAM y la FES Iztacala \u2014desde la cultura y el deporte hasta los distintos servicios universitarios\u2014 y a disfrutar plenamente de su paso por la que ser\u00e1 su casa durante los pr\u00f3ximos a\u00f1os.<\/p>\n\n\n\n<figure class=\"wp-block-embed aligncenter is-type-video is-provider-youtube wp-block-embed-youtube wp-embed-aspect-4-3 wp-has-aspect-ratio\"><div class=\"wp-block-embed__wrapper\">\n<iframe loading=\"lazy\" title=\"\u00a1Bienvenida generaci\u00f3n 2027!\" width=\"640\" height=\"480\" src=\"https:\/\/www.youtube.com\/embed\/Izxl34uN6A4?feature=oembed\" frameborder=\"0\" allow=\"accelerometer; autoplay; clipboard-write; encrypted-media; gyroscope; picture-in-picture; web-share\" referrerpolicy=\"strict-origin-when-cross-origin\" allowfullscreen><\/iframe>\n<\/div><\/figure>\n\n\n\n<p class=\"has-text-align-right has-small-font-size wp-block-paragraph\">Reporte: SophIA<br \/>Fotograf\u00eda: Comunicaci\u00f3n Social y Medios<\/p>\n","protected":false},"excerpt":{"rendered":"<p>En atenci\u00f3n a los ajustes en el calendario derivados de la aplicaci\u00f3n del examen de&#8230;<\/p>\n","protected":false},"author":1,"featured_media":58758,"comment_status":"closed","ping_status":"closed","sticky":false,"template":"","format":"standard","meta":{"_monsterinsights_skip_tracking":false,"_uf_show_specific_survey":0,"_uf_disable_surveys":false,"advanced_seo_description":"","jetpack_seo_html_title":"","jetpack_seo_noindex":false,"jetpack_seo_schema_type":"","_jetpack_newsletter_access":"","_jetpack_dont_email_post_to_subs":false,"_jetpack_newsletter_tier_id":0,"_jetpack_memberships_contains_paywalled_content":false,"_jetpack_feature_clip_id":0,"_jetpack_memberships_contains_paid_content":false,"footnotes":"","jetpack_publicize_message":"","jetpack_publicize_feature_enabled":true,"jetpack_social_post_already_shared":true,"jetpack_social_options":{"image_generator_settings":{"template":"highway","default_image_id":0,"font":"","enabled":false},"version":2},"jetpack_post_was_ever_published":false},"categories":[9],"tags":[233,3254,30,3255,31],"class_list":["post-58756","post","type-post","status-publish","format-standard","has-post-thumbnail","hentry","category-facultad","tag-bienvenida","tag-bienvenidafesi2027","tag-fesi","tag-generacion2027","tag-unam"],"jetpack_publicize_connections":[],"jetpack_sharing_enabled":true,"jetpack_shortlink":"https:\/\/wp.me\/p9Zq6E-fhG","jetpack_likes_enabled":true,"jetpack_featured_media_url":"https:\/\/i0.wp.com\/fenix.iztacala.unam.mx\/wp-content\/uploads\/2026\/09\/Izta-Cala-2027.png?fit=1536%2C768&ssl=1","_links":{"self":[{"href":"https:\/\/fenix.iztacala.unam.mx\/index.php?rest_route=\/wp\/v2\/posts\/58756","targetHints":{"allow":["GET"]}}],"collection":[{"href":"https:\/\/fenix.iztacala.unam.mx\/index.php?rest_route=\/wp\/v2\/posts"}],"about":[{"href":"https:\/\/fenix.iztacala.unam.mx\/index.php?rest_route=\/wp\/v2\/types\/post"}],"author":[{"embeddable":true,"href":"https:\/\/fenix.iztacala.unam.mx\/index.php?rest_route=\/wp\/v2\/users\/1"}],"replies":[{"embeddable":true,"href":"https:\/\/fenix.iztacala.unam.mx\/index.php?rest_route=%2Fwp%2Fv2%2Fcomments&post=58756"}],"version-history":[{"count":7,"href":"https:\/\/fenix.iztacala.unam.mx\/index.php?rest_route=\/wp\/v2\/posts\/58756\/revisions"}],"predecessor-version":[{"id":58769,"href":"https:\/\/fenix.iztacala.unam.mx\/index.php?rest_route=\/wp\/v2\/posts\/58756\/revisions\/58769"}],"wp:featuredmedia":[{"embeddable":true,"href":"https:\/\/fenix.iztacala.unam.mx\/index.php?rest_route=\/wp\/v2\/media\/58758"}],"wp:attachment":[{"href":"https:\/\/fenix.iztacala.unam.mx\/index.php?rest_route=%2Fwp%2Fv2%2Fmedia&parent=58756"}],"wp:term":[{"taxonomy":"category","embeddable":true,"href":"https:\/\/fenix.iztacala.unam.mx\/index.php?rest_route=%2Fwp%2Fv2%2Fcategories&post=58756"},{"taxonomy":"post_tag","embeddable":true,"href":"https:\/\/fenix.iztacala.unam.mx\/index.php?rest_route=%2Fwp%2Fv2%2Ftags&post=58756"}],"curies":[{"name":"wp","href":"https:\/\/api.w.org\/{rel}","templated":true}]}}